{"id":2445,"date":"2021-11-19T09:21:45","date_gmt":"2021-11-19T09:21:45","guid":{"rendered":"https:\/\/tuttiicoloridelgiallo.ch\/new\/?p=2445"},"modified":"2022-02-28T19:29:52","modified_gmt":"2022-02-28T19:29:52","slug":"wulf-dorn","status":"publish","type":"post","link":"https:\/\/tuttiicoloridelgiallo.ch\/new\/wulf-dorn\/","title":{"rendered":"Wulf Dorn"},"content":{"rendered":"<p><strong>Venerd\u00ec 26 novembre 2021 \u2013 18:30<br \/>\n<\/strong>Incontro con Harald Gilbers e Wulf Dorn: \u201cQuando la Germania fa paura\u201d presentati da Teo Lorini e Moira Bubola<\/p>\n<p><iframe title=\"YouTube video player\" src=\"https:\/\/www.youtube.com\/embed\/bnXea8okN4w\" width=\"560\" height=\"315\" frameborder=\"0\" allowfullscreen=\"allowfullscreen\"><\/iframe><\/p>\n<p><strong>L\u2019emozione della paura di Wulf Dorn<\/strong><\/p>\n<p><em>di Luca Crovi<\/em><\/p>\n<p>Si dice sempre che un assassino torni sempre sul luogo del delitto, lo stesso lo fanno spesso anche gli autori di thriller quando riprendono i loro personaggi e le loro trame a distanza di tempo. Il maestro dello psicho-thriller tedesco Wulf Dor ha cos\u00ec deciso di dare un sequel al suo fortunatissimo \u201cLa Psichiatra\u201d pubblicando \u201cL\u2019Ossessione\u201d (Corbaccio) e ce ne spiega il motivo: \u201cnei dieci anni trascorsi dalla pubblicazione di quel libri, ho ricevuto innumerevoli domande da lettori di tutto il mondo che volevano sapere che fine avevano fatto i protagonisti di quella storia. Ho sempre promesso loro di pensarci, ma non trovavo l\u2019idea giusta. Poi, circa due anni fa, ho fatto una lunga chiacchierata con un mio amico sul tema della vendetta e ho capito che sarebbe stato un buon materiale per continuare la storia di Mark Behrendt.<\/p>\n<p><strong>Il titolo originale di quel suo romanzo in tedesco era \u201cTrigger\u201d\u2026<\/strong><br \/>\nTrigger rappresenta il punto iniziale in cui tutto segue il suo corso. Come il primo domino che provoca una reazione a catena. Inoltre, il termine descrive anche qualcosa che evoca ricordi in noi. Ad esempio l&#8217;odore dei popcorn, che potremmo associare a un film che abbiamo visto in un certo cinema. O una canzone che ci ricorda il nostro primo bacio. In alcuni casi pu\u00f2 anche essere tutt&#8217;altro che nostalgico o romantico quel ricordo, pu\u00f2 essere una parola, un sentimento, un odore, un certo tocco che fa scattare in noi la memoria di qualcosa di brutto. Per il nuovo libro avevo concordato il titolo \u201cTrigger II\u201d con il mio editore tedesco. Volevamo chiarire subito che questo era un sequel. Tuttavia, per me era importante aggiungere un sottotitolo che specificassee l&#8217;argomento. Sfortunatamente, \u201cObsession\u201d era gi\u00e0 stato preso e quindi abbiamo optato per \u201cIntrusion\u201d. Questo termine psicologico descrive una condizione in cui qualcuno non pu\u00f2 controllare i trigger negativi che ho menzionato sopra. \u00c8 una sofferenza estrema e la storia ne descrive l&#8217;impatto. Sono per\u00f2 felice che l\u2019edizione si intitoli \u201cL\u2019Ossessione\u201d perch\u00e9 \u00e8 il termine pi\u00f9 calzante per la storia che ho raccontato.<\/p>\n<p><strong>Che rapporto ha con la paura?<\/strong><br \/>\nAnni fa, ero un tipo piuttosto pauroso. Le cose sono cambiate quando un amico mi ha consigliato di fare ogni giorno qualcosa che mi spaventa. Prima ho esitato, ma poi mi ha davvero aiutato. Oggi posso andare sulle montagne russe, fare immersioni con gli squali (solo una volta finora) ed essere in stanze buie senza panico. Perch\u00e9 ho capito, che i brividi che si nascondono per me in quella stanza esistono solo nella mia testa. Tuttavia, penso che la paura sia un&#8217;emozione molto importante. Ci impedisce di fare cose che ci danneggiano. Una persona completamente senza paura camminerebbe anche su un&#8217;autostrada trafficata &#8211; e questo non \u00e8 assolutamente consigliabile. Un sano livello di paura \u00e8 essenziale per sopravvivere.<\/p>\n<p><strong>Cosa pensa delle ossessioni?<\/strong><br \/>\nFinch\u00e9 \u00e8 solo un&#8217;ossessione per il buon cibo, i libri eccitanti e tutte le altre cose belle della vita, va bene. (ride) Tutto il resto \u00e8 pericoloso e pu\u00f2 danneggiarci, sia fisicamente che mentalmente. Soprattutto le ossessioni che descrivo nel mio romanzo.<\/p>\n<p><strong>Pensa che la pandemia abbia in qualche modo cambiato il rapporto delle persone con le proprie emozioni?<\/strong><br \/>\nS\u00ec, purtroppo. Nell\u2019ultimo anno e mezzo, abbiamo dovuto imparare che c&#8217;\u00e8 un pericolo mortale dai nostri simili &#8211; anche dai nostri cari. Ogni abbraccio o bacio potrebbe essere fatale. Dobbiamo indossare maschere per proteggerci e ora possiamo riconoscere le espressioni facciali delle nostre controparti solo dai loro occhi. Le persone che incontriamo sul marciapiede ci evitano timorosa e preferiscono invece prendere la strada. Questo pu\u00f2 gi\u00e0 essere traumatizzante per noi adulti, ma cosa fa ai bambini piccoli che non riescono a comprendere appieno il motivo di tutto questo?<\/p>\n<p><strong>Che rapporto ha con il male?<\/strong><br \/>\nNon sono religioso e non credo in una personificazione del male come i demoni o il diavolo. Il male \u00e8 qualcosa di umano e tutti noi abbiamo un lato oscuro. Come societ\u00e0 civilizzata abbiamo imparato a nasconderlo, ma in determinate circostanze la parte malvagia viene a galla, basti pensare alla guerra o ai criminali.<\/p>\n<p><strong>Quanto ha studiato le allucinazioni?<\/strong><br \/>\nNei vent&#8217;anni in cui ho lavorato come psicoterapeuta, ho incontrato molti pazienti con disturbi allucinatori. Per esempio, ricordo una seduta con una donna che, mentre stavamo parlando, si \u00e8 improvvisamente inginocchiata e ha adorato la finestra aperta. Ha visto St. Mary fluttuare dentro e per lei questa esperienza \u00e8 stata assolutamente reale. Un altro paziente stava parlando con il suo defunto padre, che lo osservava attraverso le porte dell&#8217;armadio nella sua stanza. Almeno il suo disturbo glielo faceva pensare. Quindi potete comprendere quanto un piccolo disturbo nel nostro metabolismo cerebrale pu\u00f2 cambiare la nostra percezione nel suo insieme.<\/p>\n","protected":false},"excerpt":{"rendered":"<p>Venerd\u00ec 26 novembre 2021 \u2013 18:30 Incontro con Harald Gilbers  [&#8230;]<\/p>\n","protected":false},"author":2,"featured_media":2803,"comment_status":"closed","ping_status":"closed","sticky":false,"template":"","format":"standard","meta":{"ngg_post_thumbnail":0,"footnotes":""},"categories":[4],"tags":[15],"class_list":["post-2445","post","type-post","status-publish","format-standard","has-post-thumbnail","hentry","category-autori","tag-15"],"_links":{"self":[{"href":"https:\/\/tuttiicoloridelgiallo.ch\/new\/wp-json\/wp\/v2\/posts\/2445","targetHints":{"allow":["GET"]}}],"collection":[{"href":"https:\/\/tuttiicoloridelgiallo.ch\/new\/wp-json\/wp\/v2\/posts"}],"about":[{"href":"https:\/\/tuttiicoloridelgiallo.ch\/new\/wp-json\/wp\/v2\/types\/post"}],"author":[{"embeddable":true,"href":"https:\/\/tuttiicoloridelgiallo.ch\/new\/wp-json\/wp\/v2\/users\/2"}],"replies":[{"embeddable":true,"href":"https:\/\/tuttiicoloridelgiallo.ch\/new\/wp-json\/wp\/v2\/comments?post=2445"}],"version-history":[{"count":3,"href":"https:\/\/tuttiicoloridelgiallo.ch\/new\/wp-json\/wp\/v2\/posts\/2445\/revisions"}],"predecessor-version":[{"id":2453,"href":"https:\/\/tuttiicoloridelgiallo.ch\/new\/wp-json\/wp\/v2\/posts\/2445\/revisions\/2453"}],"wp:featuredmedia":[{"embeddable":true,"href":"https:\/\/tuttiicoloridelgiallo.ch\/new\/wp-json\/wp\/v2\/media\/2803"}],"wp:attachment":[{"href":"https:\/\/tuttiicoloridelgiallo.ch\/new\/wp-json\/wp\/v2\/media?parent=2445"}],"wp:term":[{"taxonomy":"category","embeddable":true,"href":"https:\/\/tuttiicoloridelgiallo.ch\/new\/wp-json\/wp\/v2\/categories?post=2445"},{"taxonomy":"post_tag","embeddable":true,"href":"https:\/\/tuttiicoloridelgiallo.ch\/new\/wp-json\/wp\/v2\/tags?post=2445"}],"curies":[{"name":"wp","href":"https:\/\/api.w.org\/{rel}","templated":true}]}}