{"id":2455,"date":"2021-11-19T09:31:22","date_gmt":"2021-11-19T09:31:22","guid":{"rendered":"https:\/\/tuttiicoloridelgiallo.ch\/new\/?p=2455"},"modified":"2022-02-28T19:29:41","modified_gmt":"2022-02-28T19:29:41","slug":"natasha-korsakova","status":"publish","type":"post","link":"https:\/\/tuttiicoloridelgiallo.ch\/new\/natasha-korsakova\/","title":{"rendered":"Natasha Korsakova"},"content":{"rendered":"<p><strong>Marted\u00ec 23 novembre 2021 \u2013 18:30<br \/>\n<\/strong>Incontro con la scrittrice e violinista Natasha Korsakova: \u201cQuando il mistero suona l\u2019ultima nota\u201d presentata da Debora Gabaglio<\/p>\n<p><strong>Quando la musica si tinge di giallo<\/strong><\/p>\n<p>Cremona, 12 agosto 1716. Nel suo laboratorio, Antonio Stradivari ha ultimato un violino perfetto, il suo capolavoro. Ma dietro quello strumento c\u2019\u00e8 molto di pi\u00f9: un segreto, destinato a essere tramandato per generazioni. Esattamente 300 anni dopo, a Roma, il commissario Di Bernardo riceve una telefonata dal suo partner, l\u2019ispettore Del Pino: la potente agente musicale Cornelia Gardini \u00e8 stata assassinata. L\u2019efferatezza del delitto colpisce persino un uomo come Di Bernardo che, dopo anni a combattere la \u2019ndrangheta, pensava di averle viste tutte. La vittima \u00e8 in una pozza di sangue, la gola squarciata. Quando anche la nipote della donna, violinista, viene aggredita brutalmente, e diversi indizi fanno pensare a un collegamento con il capolavoro di Stradivari, a Di Bernardo non resta che addentrarsi nel lato pi\u00f9 torbido e oscuro della musica classica. Questo \u00e8 l\u2019avvio del sorprendente thriller \u201cL\u2019ultima nota di violino\u201d (Piemme) di Natasha Korsakova che verr\u00e0 presentato durante la seconda serata di Tutti i colori del giallo al Cinema Lux di Massagno (Lugano). La violinista e scrittrice sar\u00e0 presentata dalla giornalista Debora Gabaglio ed eseguir\u00e0 anche alcuni brani dal vivo. Ed \u00e8 la stessa scrittrice a confessarci i suoi rapporti con le ossessioni, la musica e la letteratura.<\/p>\n<p><iframe title=\"YouTube video player\" src=\"https:\/\/www.youtube.com\/embed\/vSu9qsWk2Dc\" width=\"560\" height=\"315\" frameborder=\"0\" allowfullscreen=\"allowfullscreen\"><\/iframe><\/p>\n<p><strong>Che rapporto ha con le ossessioni?<\/strong><br \/>\nAmmetto di non avere mai vissuto cosa sia realmente un&#8217;ossessione: n\u00e9 nella vita, n\u00e9 nella mia professione. Sono una persona pacifica e spesso in equilibrio con me stessa. Ma forse proprio per questo trovo affascinante sperimentare me stessa, scrivendo romanzi gialli e lasciare vivere ai miei protagonisti certe ossessioni e certe passioni. Provo a mettermi al loro posto e in questo modo diventare una persona ossessionata almeno \u201csu carta\u201d. Visto invece dal lato musicale, sono molto attratta (anche se non ossessionata) da un brano brillante e virtuoso, il 1. movimento della Sonata Nr. 2 del virtuoso-violinista e compositore belga Eugene Ysaye (1858-1931), che porta proprio il titolo \u201eObsession\u201c\u2026<\/p>\n<p><strong>Cosa rappresenta il violino nella sua vita?<\/strong><br \/>\nLa presenza del violino nella mia vita ha un ruolo importante. un grande valore emotivo, visto che sono praticamente cresciuta suonandolo: ho cominciato a 5 anni e da li non ho pi\u00f9 smesso. Mio padre Andrei e mio nonno Boris erano entrambi grandi violinisti (ma c\u2019erano violinisti anche nei generazioni precedenti della nostra famiglia), e sono felice e onorata di poter continuare a fae vivere la loro arte. Non ho avuto una storia magica per\u00f2, per quanto riguarda i miei primi passi con lo strumento: miei genitori lo hanno deciso per me. Comunque sono molto grata per questa scelta: con il violino riesco spesso ad esprimere diversi sentimenti e emozioni, che con le parole sarebbe molto pi\u00f9 difficile, anzi impossibile.&nbsp;<\/p>\n<p><strong>Com&#8217;\u00e8 nata la sua passione per la scrittura?<\/strong><br \/>\nUn certo ruolo lo ha avuto la mia passione per la lettura. Ho imparato tedesco sopratutto leggendolo ed oggi \u00e8 la lingua nella quale scrivo. Essendo violinista, amo il mio lavoro che mi permette di interpretare i brani di grandi compositori. Quella musica \u00e8 stata creata prima del momento in cui io incominci a interpretarla. Per un\u2018autrice invece, al\u2019inizio tutto \u00e8 vuoto \u2013 una tabula rasa. La possibilit\u00e0 di poter inventare da zero\u201c le persone e le loro interazioni, la storia, le false tracce, gli indizi contenuti in un giallo mi ha affascinata per anni, finch\u00e9 alla fine ho provato a scrivere la mia prima storia cercando di trovare il suono giusto.<\/p>\n","protected":false},"excerpt":{"rendered":"<p>Marted\u00ec 23 novembre 2021 \u2013 18:30 Incontro con la scrittrice  [&#8230;]<\/p>\n","protected":false},"author":2,"featured_media":2599,"comment_status":"closed","ping_status":"closed","sticky":false,"template":"","format":"standard","meta":{"ngg_post_thumbnail":0,"footnotes":""},"categories":[4],"tags":[15],"class_list":["post-2455","post","type-post","status-publish","format-standard","has-post-thumbnail","hentry","category-autori","tag-15"],"_links":{"self":[{"href":"https:\/\/tuttiicoloridelgiallo.ch\/new\/wp-json\/wp\/v2\/posts\/2455","targetHints":{"allow":["GET"]}}],"collection":[{"href":"https:\/\/tuttiicoloridelgiallo.ch\/new\/wp-json\/wp\/v2\/posts"}],"about":[{"href":"https:\/\/tuttiicoloridelgiallo.ch\/new\/wp-json\/wp\/v2\/types\/post"}],"author":[{"embeddable":true,"href":"https:\/\/tuttiicoloridelgiallo.ch\/new\/wp-json\/wp\/v2\/users\/2"}],"replies":[{"embeddable":true,"href":"https:\/\/tuttiicoloridelgiallo.ch\/new\/wp-json\/wp\/v2\/comments?post=2455"}],"version-history":[{"count":1,"href":"https:\/\/tuttiicoloridelgiallo.ch\/new\/wp-json\/wp\/v2\/posts\/2455\/revisions"}],"predecessor-version":[{"id":2456,"href":"https:\/\/tuttiicoloridelgiallo.ch\/new\/wp-json\/wp\/v2\/posts\/2455\/revisions\/2456"}],"wp:featuredmedia":[{"embeddable":true,"href":"https:\/\/tuttiicoloridelgiallo.ch\/new\/wp-json\/wp\/v2\/media\/2599"}],"wp:attachment":[{"href":"https:\/\/tuttiicoloridelgiallo.ch\/new\/wp-json\/wp\/v2\/media?parent=2455"}],"wp:term":[{"taxonomy":"category","embeddable":true,"href":"https:\/\/tuttiicoloridelgiallo.ch\/new\/wp-json\/wp\/v2\/categories?post=2455"},{"taxonomy":"post_tag","embeddable":true,"href":"https:\/\/tuttiicoloridelgiallo.ch\/new\/wp-json\/wp\/v2\/tags?post=2455"}],"curies":[{"name":"wp","href":"https:\/\/api.w.org\/{rel}","templated":true}]}}