{"id":2462,"date":"2021-11-19T09:38:56","date_gmt":"2021-11-19T09:38:56","guid":{"rendered":"https:\/\/tuttiicoloridelgiallo.ch\/new\/?p=2462"},"modified":"2022-02-28T19:29:35","modified_gmt":"2022-02-28T19:29:35","slug":"enrico-vanzina","status":"publish","type":"post","link":"https:\/\/tuttiicoloridelgiallo.ch\/new\/enrico-vanzina\/","title":{"rendered":"Enrico Vanzina"},"content":{"rendered":"<p><strong>Mercoled\u00ec 24 novembre 2021 &#8211; 18:30<br \/>\n<\/strong>Incontro con Enrico Vanzina e Andrea Vitali: \u201cMilano e Bellano e i loro misteri\u201d presentato da Luca Crovi con letture di Antonio Ballerio<\/p>\n<p><strong>Il debutto di Vanzina nell\u2019hard-boiled<\/strong><br \/>\n(Estratto da Storia del giallo italiano, Marsilio, di Luca Crovi)<\/p>\n<p>Si intitolava semplicemente \u201cIl gigante sfregiato\u201d (Newton Compton) ed \u00e8 stato il debutto nelle narrativa poliziesca del regista e sceneggiatore Enrico Vanzina (poi nel tempo sono seguiti La donna dagli occhi d\u2019oro, Il mistero del rubino birmano, La sera a Roma e Una giornata di nebbia a Milano).<\/p>\n<p>Un romanzo ambientato nella Roma contemporanea che ha il sapore dell\u2019hardboiled classico e che qua e l\u00e0 cita esplicitamente maestri come Raymond Chandler e Dashiell Hammet. Protagonista delle vicende narrate \u00e8 l\u2019ex avvocato penalista Max Mariani che ha deciso di abbandonare la sua non memorabile professione per diventare detective privato, abbandonando \u201ci codici, i processi, i pubblici ministeri, i giudici\u201d e iniziando ad occuparsi \u201cdi quello che precede i processi\u201d. Un uomo che non paga mai le multe, che trova terapeutico giocare a biliardo, abituato a non \u201cincazzarsi mai\u201d e a bere vodka a digiuno tutto il giorno mentre chiacchiera con i suoi clienti occasionali. Uno di questi \u00e8 Sandrone Manetti, un uomo di stazza gigantesca che potrebbe ricordare un bufalo che ha un passato da ex rugbista (squalificato dalla Lega Professionisti a causa della sua mano pesante) e che adesso fa il rappresentate di abbigliamento sportivo. Sandrone sostiene di essere da tempo pedinato da una strana donna bionda che vuole eliminarlo e che ha gi\u00e0 cercato di ucciderlo prima investendolo con la macchina e poi sparandogli.<\/p>\n<p>Il suo racconto sembrerebbe sincero ma c\u2019\u00e8 qualcosa che apparentemente non torna nei fatti che ha raccontato a Max Mariani che da tempo ha imparato che \u201cquando un cliente racconta i propri tormenti a un investigatore, di solito spara bugie a raffica. La gente si ficca nei guai, sente un disperato bisogno di aiuto ma, quando arriva il tizio che dovrebbe risolvere tutto, invece di sbatterti la verit\u00e0 su di un piatto d\u2019argento, la copre, la nasconde, come se l\u2019idea di sputarla fuori fosse un errore imperdonabile\u201d. L\u2019investigatore potrebbe decidere di mollare il caso subito eppure davanti al suo cliente disperato prova \u201cpiet\u00e0 per quel ragazzone invecchiato e spaventato, per quel corpo da pachiderma mosso dalla fragilit\u00e0 di un adolescente\u201d. Accetta cos\u00ec di ospitare Sandrone per qualche giorno a casa sua mentre lui cercher\u00e0 di dare un volto alla donna killer facendolo dormire nel suo appartamento popolare dislocato dalle parti di un quartiere elegante come quello di piazza Ungheria. I due individui sembrerebbero essere in qualche modo legati e solidali visto che entrambi sono convinti che \u201cle donne sono la loro rovina\u201d ma anche che \u201cle donne prima ti illudono, poi ti sparano\u201d. E la loro complicit\u00e0 si rinsalda fin dalla prima aggressione che subiranno da parte di uno spacciatore venezuelano armato di coltello. Sar\u00e0 dopo quest\u2019evento che Sandrone confesser\u00e0 di non poter andare in reealt\u00e0 alla polizia perch\u00e9 ha trovato un uomo impiccato in casa sua. Un cadavere che ha lasciato l\u00e0 a marcire per paura di essere accusato di un omicidio. Il corpo del marito della bionda che ha deciso di accopparlo e che curiosamente si presenter\u00e0 come cliente proprio da Max Mariani. Enrico Vanzina \u00e8 abile nell\u2019incrociare situazioni drammatiche ed ironiche fra le pagine del suo \u201cIl gigante sfregiato\u201d ambientato nella Roma multietnica contemporanea.<\/p>\n<p>L\u2019autore \u00e8 consapevole che la violenza e lo humour sono sempre andati a braccetto nell\u2019hard boiled. Proprio per questo leggendo alcune scene viene spontaneo pensare a certi film dei fratelli Joel e Ethan Coen ma anche a certi romanzi scanzonati di Carletto Manzoni e Sergio Donati.<\/p>\n","protected":false},"excerpt":{"rendered":"<p>Mercoled\u00ec 24 novembre 2021 &#8211; 18:30 Incontro con Enrico Vanzina  [&#8230;]<\/p>\n","protected":false},"author":2,"featured_media":2707,"comment_status":"closed","ping_status":"closed","sticky":false,"template":"","format":"standard","meta":{"ngg_post_thumbnail":0,"footnotes":""},"categories":[4],"tags":[15],"class_list":["post-2462","post","type-post","status-publish","format-standard","has-post-thumbnail","hentry","category-autori","tag-15"],"_links":{"self":[{"href":"https:\/\/tuttiicoloridelgiallo.ch\/new\/wp-json\/wp\/v2\/posts\/2462","targetHints":{"allow":["GET"]}}],"collection":[{"href":"https:\/\/tuttiicoloridelgiallo.ch\/new\/wp-json\/wp\/v2\/posts"}],"about":[{"href":"https:\/\/tuttiicoloridelgiallo.ch\/new\/wp-json\/wp\/v2\/types\/post"}],"author":[{"embeddable":true,"href":"https:\/\/tuttiicoloridelgiallo.ch\/new\/wp-json\/wp\/v2\/users\/2"}],"replies":[{"embeddable":true,"href":"https:\/\/tuttiicoloridelgiallo.ch\/new\/wp-json\/wp\/v2\/comments?post=2462"}],"version-history":[{"count":1,"href":"https:\/\/tuttiicoloridelgiallo.ch\/new\/wp-json\/wp\/v2\/posts\/2462\/revisions"}],"predecessor-version":[{"id":2463,"href":"https:\/\/tuttiicoloridelgiallo.ch\/new\/wp-json\/wp\/v2\/posts\/2462\/revisions\/2463"}],"wp:featuredmedia":[{"embeddable":true,"href":"https:\/\/tuttiicoloridelgiallo.ch\/new\/wp-json\/wp\/v2\/media\/2707"}],"wp:attachment":[{"href":"https:\/\/tuttiicoloridelgiallo.ch\/new\/wp-json\/wp\/v2\/media?parent=2462"}],"wp:term":[{"taxonomy":"category","embeddable":true,"href":"https:\/\/tuttiicoloridelgiallo.ch\/new\/wp-json\/wp\/v2\/categories?post=2462"},{"taxonomy":"post_tag","embeddable":true,"href":"https:\/\/tuttiicoloridelgiallo.ch\/new\/wp-json\/wp\/v2\/tags?post=2462"}],"curies":[{"name":"wp","href":"https:\/\/api.w.org\/{rel}","templated":true}]}}