{"id":34,"date":"2010-10-26T08:57:22","date_gmt":"2010-10-26T08:57:22","guid":{"rendered":"http:\/\/tuttiicoloridelgiallo.ch\/new\/?p=34"},"modified":"2010-10-26T08:57:22","modified_gmt":"2010-10-26T08:57:22","slug":"santo-piazzese-2005","status":"publish","type":"post","link":"https:\/\/tuttiicoloridelgiallo.ch\/new\/santo-piazzese-2005\/","title":{"rendered":"Santo Piazzese (2005)"},"content":{"rendered":"<p>Biologo &#8220;prestato alla scrittura&#8221;, come ama definirsi, \u00e8 nato a Palermo nel 1948, dove vive e lavora come ricercatore alla Facolt\u00e0 di Scienze. Come scrittore esordisce nel 1996, con I delitti di via Medina-Sidonia, pubblicato in Francia da Fleuve Noir nel 1998. Con questo romanzo d&#8217;esordio, nel 1997, ha vinto il Festival del Primo Romanzo, a cura del Salone del Libro di Torino e del Festival du Premier Roman di Chamb\u00e9ry. I romanzi di Piazzese sono dei noir metropolitani ambientati a Palermo. Nonostante l&#8217;ambientazione, non si tratta di romanzi di mafia, bench\u00e9 la mafia sia presente nello sfondo della scrittura, descritta quasi come una realt\u00e0 &#8220;immanente&#8221; nella citt\u00e0. Da entrambi i suoi romanzi, con la collaborazione dell&#8217;autore, sono state tratte le sceneggiature per la produzione di film per la televisione, la cui realizzazione \u00e8 in corso d&#8217;opera. E&#8217; autore di numerosi racconti, uno dei quali \u00e8 stato inserito nell&#8217;antologia Portes d&#8217;Italie, dedicato agli autori italiani di noir, pubblicata da Fleuve Noir nel 2001. Collabora con il quotidiano la Repubblica e con numerose riviste italiane e straniere. Nel 2000 ha esordito come autore radiofonico, con un radiodocumentario in 5 puntate trasmesso dalla radio nazionale italiana (RAI), dedicato ad alcuni siti della Sicilia antica. Con Il soffio della valanga ha vinto il Premio Fedeli nel 2002. Oltre al premio Fedeli, ha vinto anche il Premio Grazia Deledda, il Premio Bergamo e, con la versione francese, la prima edizione del Prix du Polar de la M\u00e9diterran\u00e9e, a Cannes. Tra i racconti, da segnalare &#8220;Il viaggio segreto di Niels Bohr a Palermo&#8221;, nell&#8217;antologia Il sogno e l&#8217;approdo. Racconti di stranieri in Sicilia, edito da Sellerio nel 2009.<\/p>\n<p><strong>Bibliografia sintetica<\/strong><br \/>\nI delitti di via Medina-Sidonia, Sellerio, 1996<br \/>\nLa doppia vita di M. Laurent, Sellerio, 1998<br \/>\nIl soffio della valanga, Sellerio, 2002<br \/>\nPalermo, i luoghi del noir. Conversazione con Santo Piazzese, (a cura di G. Traina, S. Ferlita) Kal\u00f2s, 2007<br \/>\nIl sogno e l&#8217;approdo. Racconti stranieri in Sicilia, Sellerio, 2009.<\/p>\n","protected":false},"excerpt":{"rendered":"<p>Biologo &#8220;prestato alla scrittura&#8221;, come ama definirsi, \u00e8 nato a  [&#8230;]<\/p>\n","protected":false},"author":1,"featured_media":0,"comment_status":"closed","ping_status":"closed","sticky":false,"template":"","format":"standard","meta":{"ngg_post_thumbnail":0,"footnotes":""},"categories":[4],"tags":[],"class_list":["post-34","post","type-post","status-publish","format-standard","hentry","category-autori"],"_links":{"self":[{"href":"https:\/\/tuttiicoloridelgiallo.ch\/new\/wp-json\/wp\/v2\/posts\/34","targetHints":{"allow":["GET"]}}],"collection":[{"href":"https:\/\/tuttiicoloridelgiallo.ch\/new\/wp-json\/wp\/v2\/posts"}],"about":[{"href":"https:\/\/tuttiicoloridelgiallo.ch\/new\/wp-json\/wp\/v2\/types\/post"}],"author":[{"embeddable":true,"href":"https:\/\/tuttiicoloridelgiallo.ch\/new\/wp-json\/wp\/v2\/users\/1"}],"replies":[{"embeddable":true,"href":"https:\/\/tuttiicoloridelgiallo.ch\/new\/wp-json\/wp\/v2\/comments?post=34"}],"version-history":[{"count":1,"href":"https:\/\/tuttiicoloridelgiallo.ch\/new\/wp-json\/wp\/v2\/posts\/34\/revisions"}],"predecessor-version":[{"id":35,"href":"https:\/\/tuttiicoloridelgiallo.ch\/new\/wp-json\/wp\/v2\/posts\/34\/revisions\/35"}],"wp:attachment":[{"href":"https:\/\/tuttiicoloridelgiallo.ch\/new\/wp-json\/wp\/v2\/media?parent=34"}],"wp:term":[{"taxonomy":"category","embeddable":true,"href":"https:\/\/tuttiicoloridelgiallo.ch\/new\/wp-json\/wp\/v2\/categories?post=34"},{"taxonomy":"post_tag","embeddable":true,"href":"https:\/\/tuttiicoloridelgiallo.ch\/new\/wp-json\/wp\/v2\/tags?post=34"}],"curies":[{"name":"wp","href":"https:\/\/api.w.org\/{rel}","templated":true}]}}