{"id":42,"date":"2010-10-26T08:59:52","date_gmt":"2010-10-26T08:59:52","guid":{"rendered":"http:\/\/tuttiicoloridelgiallo.ch\/new\/?p=42"},"modified":"2010-10-26T08:59:52","modified_gmt":"2010-10-26T08:59:52","slug":"friedrich-durrenmatt-2006","status":"publish","type":"post","link":"https:\/\/tuttiicoloridelgiallo.ch\/new\/friedrich-durrenmatt-2006\/","title":{"rendered":"Friedrich D\u00fcrrenmatt (2006)"},"content":{"rendered":"<p><strong>Serata a lui dedicata<\/strong><br \/>\nFriedrich D\u00fcrrenmatt (Konolfingen 1921,\/ Neuchatel 1990) \u00e8 probabilmente il pi\u00f9 grande scrittore svizzero, in alcune occasioni anche cimentatosi con il giallo (per esempio con la sua opera pi\u00d9 famosa: \u00abLa promessa\u00bb\u00a0del 1957). Con Max Frisch \u00e8 stato protagonista del rinnovamento del teatro in lingua tedesca.<br \/>\nLa serata in suo onore \u00e8 stata presentata dall\u2019Architetto Mario Botta (che ha firmato la costruzione-abitazione-museo del drammaturgo) e da Anna Ruchat, traduttrice di molte sue opere dal tedesco all\u2019italiano.  Presente in sala la moglie di D\u00fcrrenmatt, l\u2019attrice Charlotte Kerr.<\/p>\n<p><strong>Bibliografia sintetica<\/strong><br \/>\nLa panne, una storia ancora possibile, Einaudi, 1956<br \/>\nLa promessa, Marcos y Marcos, 1957<br \/>\nLa morte della pizia, Adelphi, 1976<br \/>\nIl minotauro, Marcos y Marcos, 1985<br \/>\nGiustizia, Marcos y Marcos, 1985 <\/p>\n","protected":false},"excerpt":{"rendered":"<p>Serata a lui dedicata Friedrich D\u00fcrrenmatt (Konolfingen 1921,\/ Neuchatel 1990)  [&#8230;]<\/p>\n","protected":false},"author":1,"featured_media":0,"comment_status":"closed","ping_status":"closed","sticky":false,"template":"","format":"standard","meta":{"ngg_post_thumbnail":0,"footnotes":""},"categories":[4],"tags":[],"class_list":["post-42","post","type-post","status-publish","format-standard","hentry","category-autori"],"_links":{"self":[{"href":"https:\/\/tuttiicoloridelgiallo.ch\/new\/wp-json\/wp\/v2\/posts\/42","targetHints":{"allow":["GET"]}}],"collection":[{"href":"https:\/\/tuttiicoloridelgiallo.ch\/new\/wp-json\/wp\/v2\/posts"}],"about":[{"href":"https:\/\/tuttiicoloridelgiallo.ch\/new\/wp-json\/wp\/v2\/types\/post"}],"author":[{"embeddable":true,"href":"https:\/\/tuttiicoloridelgiallo.ch\/new\/wp-json\/wp\/v2\/users\/1"}],"replies":[{"embeddable":true,"href":"https:\/\/tuttiicoloridelgiallo.ch\/new\/wp-json\/wp\/v2\/comments?post=42"}],"version-history":[{"count":1,"href":"https:\/\/tuttiicoloridelgiallo.ch\/new\/wp-json\/wp\/v2\/posts\/42\/revisions"}],"predecessor-version":[{"id":43,"href":"https:\/\/tuttiicoloridelgiallo.ch\/new\/wp-json\/wp\/v2\/posts\/42\/revisions\/43"}],"wp:attachment":[{"href":"https:\/\/tuttiicoloridelgiallo.ch\/new\/wp-json\/wp\/v2\/media?parent=42"}],"wp:term":[{"taxonomy":"category","embeddable":true,"href":"https:\/\/tuttiicoloridelgiallo.ch\/new\/wp-json\/wp\/v2\/categories?post=42"},{"taxonomy":"post_tag","embeddable":true,"href":"https:\/\/tuttiicoloridelgiallo.ch\/new\/wp-json\/wp\/v2\/tags?post=42"}],"curies":[{"name":"wp","href":"https:\/\/api.w.org\/{rel}","templated":true}]}}