{"id":444,"date":"2012-04-26T07:00:57","date_gmt":"2012-04-26T07:00:57","guid":{"rendered":"http:\/\/tuttiicoloridelgiallo.ch\/new\/?p=444"},"modified":"2013-01-04T18:49:19","modified_gmt":"2013-01-04T18:49:19","slug":"2012","status":"publish","type":"post","link":"https:\/\/tuttiicoloridelgiallo.ch\/new\/2012\/","title":{"rendered":"2012"},"content":{"rendered":"<p><strong><a href=\"http:\/\/tuttiicoloridelgiallo.ch\/new\/wp-content\/uploads\/2012\/04\/Schermata-2012-04-23-a-6.48.25-PM.png\"><img decoding=\"async\" class=\"alignleft size-medium wp-image-479\" title=\"Schermata 2012-04-23 a 6.48.25 PM\" src=\"http:\/\/tuttiicoloridelgiallo.ch\/new\/wp-content\/uploads\/2012\/04\/Schermata-2012-04-23-a-6.48.25-PM-130x300.png\" alt=\"\" width=\"130\" height=\"300\" align=\"RIGHT\" hspace=\"3\" vspace=\"3\" srcset=\"https:\/\/tuttiicoloridelgiallo.ch\/new\/wp-content\/uploads\/2012\/04\/Schermata-2012-04-23-a-6.48.25-PM-130x300.png 130w, https:\/\/tuttiicoloridelgiallo.ch\/new\/wp-content\/uploads\/2012\/04\/Schermata-2012-04-23-a-6.48.25-PM.png 279w\" sizes=\"(max-width: 130px) 100vw, 130px\" \/><\/a>Tutti i Colori del Giallo &#8211; 2012<br \/>\n<\/strong><strong>Mercoled\u00ec 9, Gioved\u00ec 10 e Venerd\u00ec 11 maggio 2012<br \/>\nOttava edizione:\u00a0<\/strong><strong>Giallo mediterraneo\u2026<\/strong><\/p>\n<p><strong>&gt; <a href=\"http:\/\/tuttiicoloridelgiallo.ch\/new\/wp-content\/uploads\/2012\/04\/ProspGiallo_2012.pdf\">Scarica il programma 2012 in pdf<\/a><\/strong><\/p>\n<p>&gt;\u00a0<strong>Rassegna stampa 2012:\u00a0<\/strong><a href=\"http:\/\/tuttiicoloridelgiallo.ch\/new\/?attachment_id=643\" rel=\"attachment wp-att-643\">Quaderno Giallo<\/a><\/p>\n<blockquote><p>&nbsp;<\/p>\n<p>&gt;\u00a0<strong>Rassegna stampa 2012:\u00a0<\/strong><a href=\"http:\/\/tuttiicoloridelgiallo.ch\/new\/?attachment_id=643\" rel=\"attachment wp-att-643\">Quaderno Giallo<\/a><\/p>\n<p><strong>Mercoled\u00ec 9 maggio:<br \/>\n<\/strong>\u00a0\u00ab<em>Vedi Napoli e poi &#8230;<\/em>\u00bb<br \/>\n<a href=\"http:\/\/tuttiicoloridelgiallo.ch\/new\/?p=441\">Moira Bubola ci presenta\u00a0la capitale del Sud attraverso\u00a0Andrej Longo,<br \/>\n<\/a>Film\u00a0<a href=\"http:\/\/tuttiicoloridelgiallo.ch\/new\/?p=455\">\u00abGomorra\u00bb,\u00a0di Matteo Garrone<\/a>, 2008,\u00a0con Toni Servillo, Gianfelice\u00a0Imparato\u00a0e Maria Nazionale.<\/p>\n<p>&gt;\u00a0<a href=\"http:\/\/tuttiicoloridelgiallo.ch\/new\/?p=519\">Fotografie della serata<br \/>\n<\/a>&gt;\u00a0<a href=\"http:\/\/archive.org\/download\/TuttiIColoriDelGiallo2012-Massagno\/AndrejLongo.mp3\">Ascolta il podcast (Mp3)<\/a><\/p>\n<p>&nbsp;<\/p>\n<p><strong>Gioved\u00ec 10 maggio:<\/strong><br \/>\n\u00ab<em>Le due facce di Palermo:\u00a0Lorenzo LaMarca ed Enzo Baiamonte\u00bb<\/em>,<br \/>\n<a href=\"http:\/\/tuttiicoloridelgiallo.ch\/new\/?p=448\">Santo Piazzese, incontra e presenta\u00a0Gian Mauro Costa<\/a>,<br \/>\n<a href=\"http:\/\/tuttiicoloridelgiallo.ch\/new\/?p=457\">\u00abA ciascuno il suo\u00bb,\u00a0di Elio Petri<\/a>, 1967,\u00a0con Gian Maria Volont\u00e9,<br \/>\nIrene Papas, Gabriele Ferzetti,\u00a0Salvo Randone.<br \/>\n&gt;\u00a0<a href=\"http:\/\/tuttiicoloridelgiallo.ch\/new\/?p=505\">Fotografie della serata<br \/>\n<\/a>&gt;\u00a0<a href=\"http:\/\/archive.org\/download\/TuttiIColoriDelGiallo2012-Massagno\/Piazzese-Costa.mp3\">Ascolta il podcast (Mp3)<\/a><\/p>\n<p>&nbsp;<\/p>\n<p><strong>Venerd\u00ec 11 maggio:<\/strong><br \/>\n\u00ab<em>Una Barcellona cos\u00ec &#8230;<\/em>\u00bb<br \/>\n<a href=\"http:\/\/tuttiicoloridelgiallo.ch\/new\/?p=452\">Roberto Corrent presenta\u00a0Alicia Gimenez Bartlett<\/a><br \/>\n<a href=\"http:\/\/tuttiicoloridelgiallo.ch\/new\/?p=459\">\u00abLa comunidad\u00bb,\u00a0di Alex De La Iglesia<\/a>, 2000,\u00a0con Carmen Maura, Eduardo Antuna\u00a0Jesus Bonilla.<br \/>\n&gt;\u00a0<a href=\"http:\/\/tuttiicoloridelgiallo.ch\/new\/?p=547\">Fotografie della serata<br \/>\n<\/a>&gt;\u00a0<a href=\"http:\/\/archive.org\/download\/TuttiIColoriDelGiallo2012-Massagno\/alicia.mp3\">Ascolta il podcast (Mp3)<\/a><\/p>\n<p>&nbsp;<\/p><\/blockquote>\n<p><strong>Info<\/strong>:<br \/>\nGli incontri con gli scrittori si terranno nella sala del Cinema Lux<br \/>\nGli aperitivi nel Salone Cosmo.<br \/>\nI film saranno proiettati al cinema Lux di Massagno con presentazione di Gino Buscaglia<br \/>\n&gt; <a href=\"http:\/\/www.cinemalux-lugano.ch\/mappa.asp\">Come arrivare al Cinema Lux di Massagno (Lugano)<\/a><\/p>\n<p>La manifestazione \u00e8 organizzata dalla Commissione Cultura del <a href=\"http:\/\/www.massagno.ch\/\">Comune di Massagno<\/a> in collaborazione con <a href=\"http:\/\/tuttiicoloridelgiallo.ch\/new\/?page_id=2\">i graditi sponsor<\/a>.<\/p>\n<p>Prezzo: 20.- per sera<br \/>\nPrevendita: Libreria del Tempo, Massagno<br \/>\n091 968 12 02 (o <a href=\"http:\/\/tuttiicoloridelgiallo.ch\/new\/?cat=8\">contatti<\/a>)<\/p>\n<p>&nbsp;<\/p>\n<p style=\"text-align: center;\"><a href=\"http:\/\/tuttiicoloridelgiallo.ch\/new\/wp-content\/uploads\/2012\/04\/Schermata-2012-04-23-a-6.52.56-PM.png\"><img decoding=\"async\" class=\"aligncenter  wp-image-486\" title=\"Schermata 2012-04-23 a 6.52.56 PM\" src=\"http:\/\/tuttiicoloridelgiallo.ch\/new\/wp-content\/uploads\/2012\/04\/Schermata-2012-04-23-a-6.52.56-PM.png\" alt=\"\" width=\"454\" height=\"320\" srcset=\"https:\/\/tuttiicoloridelgiallo.ch\/new\/wp-content\/uploads\/2012\/04\/Schermata-2012-04-23-a-6.52.56-PM-300x211.png 300w, https:\/\/tuttiicoloridelgiallo.ch\/new\/wp-content\/uploads\/2012\/04\/Schermata-2012-04-23-a-6.52.56-PM.png 756w\" sizes=\"(max-width: 454px) 100vw, 454px\" \/><\/a><\/p>\n<p><iframe width=\"560\" height=\"315\" src=\"http:\/\/www.youtube.com\/embed\/tp0-oPZqcaI\" frameborder=\"0\" allowfullscreen><\/iframe><\/p>\n<p><iframe width=\"560\" height=\"315\" src=\"http:\/\/www.youtube.com\/embed\/5vDZhRAZgF8\" frameborder=\"0\" allowfullscreen><\/iframe><\/p>\n<p><iframe width=\"560\" height=\"315\" src=\"http:\/\/www.youtube.com\/embed\/p7nc-aNlP-c\" frameborder=\"0\" allowfullscreen><\/iframe><\/p>\n","protected":false},"excerpt":{"rendered":"<p>Tutti i Colori del Giallo &#8211; 2012 Mercoled\u00ec 9, Gioved\u00ec  [&#8230;]<\/p>\n","protected":false},"author":1,"featured_media":0,"comment_status":"closed","ping_status":"closed","sticky":false,"template":"","format":"standard","meta":{"ngg_post_thumbnail":0,"footnotes":""},"categories":[9],"tags":[],"class_list":["post-444","post","type-post","status-publish","format-standard","hentry","category-edizioni"],"_links":{"self":[{"href":"https:\/\/tuttiicoloridelgiallo.ch\/new\/wp-json\/wp\/v2\/posts\/444","targetHints":{"allow":["GET"]}}],"collection":[{"href":"https:\/\/tuttiicoloridelgiallo.ch\/new\/wp-json\/wp\/v2\/posts"}],"about":[{"href":"https:\/\/tuttiicoloridelgiallo.ch\/new\/wp-json\/wp\/v2\/types\/post"}],"author":[{"embeddable":true,"href":"https:\/\/tuttiicoloridelgiallo.ch\/new\/wp-json\/wp\/v2\/users\/1"}],"replies":[{"embeddable":true,"href":"https:\/\/tuttiicoloridelgiallo.ch\/new\/wp-json\/wp\/v2\/comments?post=444"}],"version-history":[{"count":25,"href":"https:\/\/tuttiicoloridelgiallo.ch\/new\/wp-json\/wp\/v2\/posts\/444\/revisions"}],"predecessor-version":[{"id":662,"href":"https:\/\/tuttiicoloridelgiallo.ch\/new\/wp-json\/wp\/v2\/posts\/444\/revisions\/662"}],"wp:attachment":[{"href":"https:\/\/tuttiicoloridelgiallo.ch\/new\/wp-json\/wp\/v2\/media?parent=444"}],"wp:term":[{"taxonomy":"category","embeddable":true,"href":"https:\/\/tuttiicoloridelgiallo.ch\/new\/wp-json\/wp\/v2\/categories?post=444"},{"taxonomy":"post_tag","embeddable":true,"href":"https:\/\/tuttiicoloridelgiallo.ch\/new\/wp-json\/wp\/v2\/tags?post=444"}],"curies":[{"name":"wp","href":"https:\/\/api.w.org\/{rel}","templated":true}]}}