{"id":452,"date":"2012-04-26T07:00:52","date_gmt":"2012-04-26T07:00:52","guid":{"rendered":"http:\/\/tuttiicoloridelgiallo.ch\/new\/?p=452"},"modified":"2012-05-21T20:38:31","modified_gmt":"2012-05-21T20:38:31","slug":"alicia-gimenez-bartlett-2012","status":"publish","type":"post","link":"https:\/\/tuttiicoloridelgiallo.ch\/new\/alicia-gimenez-bartlett-2012\/","title":{"rendered":"Alicia Gimenez Bartlett (2012)"},"content":{"rendered":"<p><a href=\"http:\/\/tuttiicoloridelgiallo.ch\/new\/wp-content\/uploads\/2012\/04\/alicia.jpg\"><img decoding=\"async\" class=\"alignleft  wp-image-453\" style=\"margin: 3px;\" title=\"alicia\" src=\"http:\/\/tuttiicoloridelgiallo.ch\/new\/wp-content\/uploads\/2012\/04\/alicia-200x300.jpg\" alt=\"\" width=\"140\" height=\"210\" align=\"LEFT\" hspace=\"3\" vspace=\"3\" srcset=\"https:\/\/tuttiicoloridelgiallo.ch\/new\/wp-content\/uploads\/2012\/04\/alicia-200x300.jpg 200w, https:\/\/tuttiicoloridelgiallo.ch\/new\/wp-content\/uploads\/2012\/04\/alicia.jpg 294w\" sizes=\"(max-width: 140px) 100vw, 140px\" \/><\/a>ALICIA GIMENEZ BARTLETT: per i lettori di lingua italiana la presentazione \u00e8 inutile in quanto conosciutissima. Ogni sua pubblicazione in Italia \u00e8 un successo. Merito di una scrittura originale, di un intreccio mai banale, di un\u2019ambientazione precisa e soprattutto merito di un personaggio, l\u2019 ispettrice Petra Delicado, che affascina subito il lettore. Perch\u00e9 \u00e8 una donna assolutamente normale, che ha i problemi quotidiani di tutti (divorziata di mezza et\u00e0, alla ricerca del grande sogno per quanto attiene la sua sfera intima) e che deve sgomitare non poco in un ambiente maschilista come quello della Polizia. Petra non \u00e8 per\u00f2 un\u2019eroina come Tex Willer, impermeabile al susseguirsi degli anni, lei accompagna il lettore nel trascorrere degli anni, conoscendo il peso del tempo ed i gravi cambiamenti della societ\u00e0 del terzo millennio. I lettori si identificano con questa protagonista alle prese con indagini dagli sviluppi originali e particolari.<\/p>\n<p>&gt;\u00a0<a href=\"http:\/\/tuttiicoloridelgiallo.ch\/new\/?p=444\">Tutte le informazioni sull&#8217;edizione 2012<\/a><\/p>\n<p>&gt; <a href=\"http:\/\/tuttiicoloridelgiallo.ch\/new\/?p=547\">Fotografie della serata<\/a><\/p>\n<p>&gt;\u00a0<a href=\"http:\/\/archive.org\/download\/TuttiIColoriDelGiallo2012-Massagno\/alicia.mp3\">Ascolta il podcast<\/a><\/p>\n","protected":false},"excerpt":{"rendered":"<p>ALICIA GIMENEZ BARTLETT: per i lettori di lingua italiana la  [&#8230;]<\/p>\n","protected":false},"author":1,"featured_media":0,"comment_status":"closed","ping_status":"closed","sticky":false,"template":"","format":"standard","meta":{"ngg_post_thumbnail":0,"footnotes":""},"categories":[4],"tags":[],"class_list":["post-452","post","type-post","status-publish","format-standard","hentry","category-autori"],"_links":{"self":[{"href":"https:\/\/tuttiicoloridelgiallo.ch\/new\/wp-json\/wp\/v2\/posts\/452","targetHints":{"allow":["GET"]}}],"collection":[{"href":"https:\/\/tuttiicoloridelgiallo.ch\/new\/wp-json\/wp\/v2\/posts"}],"about":[{"href":"https:\/\/tuttiicoloridelgiallo.ch\/new\/wp-json\/wp\/v2\/types\/post"}],"author":[{"embeddable":true,"href":"https:\/\/tuttiicoloridelgiallo.ch\/new\/wp-json\/wp\/v2\/users\/1"}],"replies":[{"embeddable":true,"href":"https:\/\/tuttiicoloridelgiallo.ch\/new\/wp-json\/wp\/v2\/comments?post=452"}],"version-history":[{"count":7,"href":"https:\/\/tuttiicoloridelgiallo.ch\/new\/wp-json\/wp\/v2\/posts\/452\/revisions"}],"predecessor-version":[{"id":557,"href":"https:\/\/tuttiicoloridelgiallo.ch\/new\/wp-json\/wp\/v2\/posts\/452\/revisions\/557"}],"wp:attachment":[{"href":"https:\/\/tuttiicoloridelgiallo.ch\/new\/wp-json\/wp\/v2\/media?parent=452"}],"wp:term":[{"taxonomy":"category","embeddable":true,"href":"https:\/\/tuttiicoloridelgiallo.ch\/new\/wp-json\/wp\/v2\/categories?post=452"},{"taxonomy":"post_tag","embeddable":true,"href":"https:\/\/tuttiicoloridelgiallo.ch\/new\/wp-json\/wp\/v2\/tags?post=452"}],"curies":[{"name":"wp","href":"https:\/\/api.w.org\/{rel}","templated":true}]}}