{"id":53,"date":"2010-10-26T09:03:11","date_gmt":"2010-10-26T09:03:11","guid":{"rendered":"http:\/\/tuttiicoloridelgiallo.ch\/new\/?p=53"},"modified":"2010-10-26T09:03:11","modified_gmt":"2010-10-26T09:03:11","slug":"petros-markaris-2008","status":"publish","type":"post","link":"https:\/\/tuttiicoloridelgiallo.ch\/new\/petros-markaris-2008\/","title":{"rendered":"Petros Markaris (2008)"},"content":{"rendered":"<p>Petros Markaris \u00e8 nato nel 1937 a Istanbul. Dopo gli studi di economia ha esordito nella scrittura come sceneggiatore e autore di teatro. Ha firmato una serie poliziesca che per tre anni ha avuto un grande successo alla televisione greca, e ha collaborato con Theo Angelopolus a numerose sceneggiature, tra cui quella del film L\u2019eternit\u00e0 e un giorno, Palma d\u2019oro a Cannes nel 1998. Della lavorazione del film Markaris ha tenuto un diario pubblicato in Grecia nell\u2019ottobre 2000. Ultime dalla notte \u00e8 il suo primo romanzo, di cui \u00e8 in corso un adattamento per la televisione greca. Il protagonista del racconto, il commissario Kostas Charitos \u00e8 stato definito dalla critica internazionale \u201cil fratello greco\u201d di Maigret. La sua ultima pubblicazione, edita dalla Bompiani, \u00e8 La balia.<\/p>\n<p><strong>Bibliografia sintetica<\/strong><br \/>\nUltime dalla notte, Bompiani, 2000<br \/>\nDifesa a zona, Bompiani, 2001 (2002)<br \/>\nSi \u00e8 suicidato il Che, Bompiani, 2004<br \/>\nLa lunga estate calda del commissario Charitos, Bompiani, 2007 (2009)<br \/>\nI labirinti di Atene, Bompiani, 2008<br \/>\nLa balia, Bompiani, 2009<br \/>\nIo e Kostas Charitos, Bompiani, 2010<\/p>\n","protected":false},"excerpt":{"rendered":"<p>Petros Markaris \u00e8 nato nel 1937 a Istanbul. Dopo gli  [&#8230;]<\/p>\n","protected":false},"author":1,"featured_media":0,"comment_status":"closed","ping_status":"closed","sticky":false,"template":"","format":"standard","meta":{"ngg_post_thumbnail":0,"footnotes":""},"categories":[4],"tags":[],"class_list":["post-53","post","type-post","status-publish","format-standard","hentry","category-autori"],"_links":{"self":[{"href":"https:\/\/tuttiicoloridelgiallo.ch\/new\/wp-json\/wp\/v2\/posts\/53","targetHints":{"allow":["GET"]}}],"collection":[{"href":"https:\/\/tuttiicoloridelgiallo.ch\/new\/wp-json\/wp\/v2\/posts"}],"about":[{"href":"https:\/\/tuttiicoloridelgiallo.ch\/new\/wp-json\/wp\/v2\/types\/post"}],"author":[{"embeddable":true,"href":"https:\/\/tuttiicoloridelgiallo.ch\/new\/wp-json\/wp\/v2\/users\/1"}],"replies":[{"embeddable":true,"href":"https:\/\/tuttiicoloridelgiallo.ch\/new\/wp-json\/wp\/v2\/comments?post=53"}],"version-history":[{"count":1,"href":"https:\/\/tuttiicoloridelgiallo.ch\/new\/wp-json\/wp\/v2\/posts\/53\/revisions"}],"predecessor-version":[{"id":54,"href":"https:\/\/tuttiicoloridelgiallo.ch\/new\/wp-json\/wp\/v2\/posts\/53\/revisions\/54"}],"wp:attachment":[{"href":"https:\/\/tuttiicoloridelgiallo.ch\/new\/wp-json\/wp\/v2\/media?parent=53"}],"wp:term":[{"taxonomy":"category","embeddable":true,"href":"https:\/\/tuttiicoloridelgiallo.ch\/new\/wp-json\/wp\/v2\/categories?post=53"},{"taxonomy":"post_tag","embeddable":true,"href":"https:\/\/tuttiicoloridelgiallo.ch\/new\/wp-json\/wp\/v2\/tags?post=53"}],"curies":[{"name":"wp","href":"https:\/\/api.w.org\/{rel}","templated":true}]}}