{"id":57,"date":"2010-10-26T09:04:16","date_gmt":"2010-10-26T09:04:16","guid":{"rendered":"http:\/\/tuttiicoloridelgiallo.ch\/new\/?p=57"},"modified":"2010-10-26T09:04:16","modified_gmt":"2010-10-26T09:04:16","slug":"marcello-fois-2008","status":"publish","type":"post","link":"https:\/\/tuttiicoloridelgiallo.ch\/new\/marcello-fois-2008\/","title":{"rendered":"Marcello Fois (2008)"},"content":{"rendered":"<p>Marcello Fois \u00e8 nato a Nuoro nel 1960, e vive a Bologna da molti anni. Laureato in Italianistica, \u00e8 un autore prolifico, non solo in ambito letterario in senso stretto, ma anche nel campo teatrale, radiofonico e della \u201cfiction televisiva\u201d. Ha esordito con Ferro recente nel 1992, raccontando una storia piena di nodi da sciogliere e di contraddizioni. Ha vinto il premio Calvino con Picta, il premio Dessy con Nulla, lo Scerbanenco con Sheol e l\u2019ultimo qualificante riconoscimento per Sempre caro a New York con lo Zerilli Marin\u00f2, una selezione collegata al famoso premio Strega italiano. Quest\u2019ultimo, forse il suo pi\u00f9 grande successo, \u00e8 stato tradotto ed esportato in ben venti paesi. Marcello Fois \u00e8 anche uno dei pochi autori italiani contemporanei conosciuto fuori dai confini nazionali, le sue opere vengono tradotte in molte lingue. Per il teatro ha scritto L\u2019ascesa degli angeli ribelli, Di profilo, Stazione, Terra di nessuno, Cinque favole sui bambini. Si occupa di promuovere la scrittura ed i giovani scrittori nel tempo libero.<\/p>\n<p><strong>Bibliografia sintetica<\/strong><br \/>\nSempre caro, Il Maestrale, Frassinelli, 1998<br \/>\nSangue dal cielo, Frassinelli, 1999<br \/>\nGap, Frassinelli, 1999<br \/>\nFerro recente, Einaudi, 1999<br \/>\nMeglio morti, Einaudi, 2000<br \/>\nCerimonia, CLUEB, 2000<br \/>\nSheol, Hobby &#038; Work Publishing, 2001<br \/>\nDura madre, Einaudi, 2001<br \/>\nPiccole storie nere, Einaudi, 2002<br \/>\nMateriali, Il Maestrale, 2002<br \/>\nL\u2019altro mondo, Frassinelli, 2002<br \/>\nPicta, Frassinelli, 2003<br \/>\nIlaria Alpi. Il pi\u00f9 crudele dei giorni, con Ferdinando Vicentini Orgnani, Frassinelli, 2003<br \/>\nDura madre, Einaudi, 2003<br \/>\nTamburini, Il Maestrale, 2004<br \/>\nSangue del cielo, Il Maestrale, 2005<br \/>\nFerro recente, Einaudi, 2006<br \/>\nMemoria del vuoto, Einaudi, 2006<br \/>\nMeglio morti, Einaudi, 2006<br \/>\nL\u2019ultima volta che sono rinato, Einaudi, 2006<br \/>\nAntonio Ballero. Lo sguardo fotografico del pittore, Ilisso, 2007<br \/>\nL\u2019altro mondo, Il maestrale, 2007<br \/>\nGente del libro, Frassinelli, 2007<br \/>\nOpere, Il Maestrale, 2007<br \/>\nNulla, Il Maestrale, 2008<br \/>\nIn Sardegna non c\u2019\u00e8 il mare, Laterza, 2008<br \/>\nStirpe, Einaudi, 2009<\/p>\n","protected":false},"excerpt":{"rendered":"<p>Marcello Fois \u00e8 nato a Nuoro nel 1960, e vive  [&#8230;]<\/p>\n","protected":false},"author":1,"featured_media":0,"comment_status":"closed","ping_status":"closed","sticky":false,"template":"","format":"standard","meta":{"ngg_post_thumbnail":0,"footnotes":""},"categories":[4],"tags":[],"class_list":["post-57","post","type-post","status-publish","format-standard","hentry","category-autori"],"_links":{"self":[{"href":"https:\/\/tuttiicoloridelgiallo.ch\/new\/wp-json\/wp\/v2\/posts\/57","targetHints":{"allow":["GET"]}}],"collection":[{"href":"https:\/\/tuttiicoloridelgiallo.ch\/new\/wp-json\/wp\/v2\/posts"}],"about":[{"href":"https:\/\/tuttiicoloridelgiallo.ch\/new\/wp-json\/wp\/v2\/types\/post"}],"author":[{"embeddable":true,"href":"https:\/\/tuttiicoloridelgiallo.ch\/new\/wp-json\/wp\/v2\/users\/1"}],"replies":[{"embeddable":true,"href":"https:\/\/tuttiicoloridelgiallo.ch\/new\/wp-json\/wp\/v2\/comments?post=57"}],"version-history":[{"count":1,"href":"https:\/\/tuttiicoloridelgiallo.ch\/new\/wp-json\/wp\/v2\/posts\/57\/revisions"}],"predecessor-version":[{"id":58,"href":"https:\/\/tuttiicoloridelgiallo.ch\/new\/wp-json\/wp\/v2\/posts\/57\/revisions\/58"}],"wp:attachment":[{"href":"https:\/\/tuttiicoloridelgiallo.ch\/new\/wp-json\/wp\/v2\/media?parent=57"}],"wp:term":[{"taxonomy":"category","embeddable":true,"href":"https:\/\/tuttiicoloridelgiallo.ch\/new\/wp-json\/wp\/v2\/categories?post=57"},{"taxonomy":"post_tag","embeddable":true,"href":"https:\/\/tuttiicoloridelgiallo.ch\/new\/wp-json\/wp\/v2\/tags?post=57"}],"curies":[{"name":"wp","href":"https:\/\/api.w.org\/{rel}","templated":true}]}}