{"id":63,"date":"2010-10-26T09:05:55","date_gmt":"2010-10-26T09:05:55","guid":{"rendered":"http:\/\/tuttiicoloridelgiallo.ch\/new\/?p=63"},"modified":"2010-10-26T09:05:55","modified_gmt":"2010-10-26T09:05:55","slug":"francio-gonzalez-ledesma-2009","status":"publish","type":"post","link":"https:\/\/tuttiicoloridelgiallo.ch\/new\/francio-gonzalez-ledesma-2009\/","title":{"rendered":"Francio Gonzalez Ledesma (2009)"},"content":{"rendered":"<p>Nato nel 1927 a Barcellona, Francisco Gonz\u00e1lez Ledesma si \u00e8 convinto a diventare scrittore a tutti i costi: ha lottato contro la povert\u00e0, ha attraversato la guerra civile e i suoi romanzi sono sopravvissuti alla censure del regime di Franco. Alcuni di essi (Cronaca sentimentale in rosso, La dama del kashmir e Storia di un Dio da marciapiede) avevano gi\u00e0 trovato la strada per la traduzione italiana (tutti presso Mondadori), ma sar\u00e0 probabilmente l\u2019edizione di Soldados a rinfrescare la memoria per un autore da sempre convinto che il noir e il sociale siano le due facce della stessa medaglia. Soldados non fa eccezione, naturalmente perch\u00e9, come ha detto lo stesso Francisco Gonz\u00e1lez Ledesma in un\u2019intervista, &#8220;tutti i personaggi di questo romanzo hanno la sensazione di avere un dovere da compiere, e lo compiono fino in fondo. In questo senso sono come dei soldati e Soldados \u00e8 un romanzo del periodo di transizione: la transizione politica in Spagna \u00e8 stato il fenomeno pi\u00f9 interessante d\u2019Europa, no? E\u2019 stato una specie di miracolo aver legalizzato il partito comunista, aver fermato i militari. E ho l\u2019impressione, quando si legge Soldados che si arrivi a conoscere meglio la Barcellona autentica che non \u00e8 certo la Barcellona dei giochi olimpici di qualche anno fa&#8221;. Si chiamano Esteban Mayor, Marcos Javier e Pepe Collar e i loro destini sembrano incrociarsi perch\u00e9 tutti e tre hanno perso il coraggio necessario &#8220;a pagare i debiti pi\u00f9 elementari&#8221;, ma anche per affrontare l\u2019ultima chance per guadagnarsi quella dignit\u00e0 che si pu\u00f2 vedere soltanto davanti allo specchio. Per i Soldados non sar\u00e0 una scelta incruenta, ma spetta al lettore districarsi nella trama che si svolge sullo sfondo di una Barcellona torbida e inedita, sospesa tra passato e futuro, con fantasmi che scivolano da dietro ogni angolo, e come scrive Francisco Gonz\u00e1lez Ledesma &#8220;dunque un luogo spietato e sentimentale, tenero e osceno, squisito e orribile. Come tutti i luoghi storici, insomma&#8221;. La guida, in questo labirinto in forma di libro, \u00e8 proprio lui, grazie ad una scrittura elementare eppure capace di non rinunciare al quel minimo di ironia e di ritmo che rende un romanzo, sia esso noir o sociale, un modo diverso di affrontare la realt\u00e0. (Marco Denti).<\/p>\n<p><strong>Bibliografia sintetica<\/strong><br \/>\nSoldados, Meridiano zero, 1999<br \/>\nMistero di strada, Giano, 2008<br \/>\nStoria di un dio da marciapiede, Giano, 2009<br \/>\nLa dama del Kashmir, Giano, 2009<br \/>\nNon si deve morire due volte, Giano, 2010<\/p>\n","protected":false},"excerpt":{"rendered":"<p>Nato nel 1927 a Barcellona, Francisco Gonz\u00e1lez Ledesma si \u00e8  [&#8230;]<\/p>\n","protected":false},"author":1,"featured_media":0,"comment_status":"closed","ping_status":"closed","sticky":false,"template":"","format":"standard","meta":{"ngg_post_thumbnail":0,"footnotes":""},"categories":[4],"tags":[],"class_list":["post-63","post","type-post","status-publish","format-standard","hentry","category-autori"],"_links":{"self":[{"href":"https:\/\/tuttiicoloridelgiallo.ch\/new\/wp-json\/wp\/v2\/posts\/63","targetHints":{"allow":["GET"]}}],"collection":[{"href":"https:\/\/tuttiicoloridelgiallo.ch\/new\/wp-json\/wp\/v2\/posts"}],"about":[{"href":"https:\/\/tuttiicoloridelgiallo.ch\/new\/wp-json\/wp\/v2\/types\/post"}],"author":[{"embeddable":true,"href":"https:\/\/tuttiicoloridelgiallo.ch\/new\/wp-json\/wp\/v2\/users\/1"}],"replies":[{"embeddable":true,"href":"https:\/\/tuttiicoloridelgiallo.ch\/new\/wp-json\/wp\/v2\/comments?post=63"}],"version-history":[{"count":1,"href":"https:\/\/tuttiicoloridelgiallo.ch\/new\/wp-json\/wp\/v2\/posts\/63\/revisions"}],"predecessor-version":[{"id":64,"href":"https:\/\/tuttiicoloridelgiallo.ch\/new\/wp-json\/wp\/v2\/posts\/63\/revisions\/64"}],"wp:attachment":[{"href":"https:\/\/tuttiicoloridelgiallo.ch\/new\/wp-json\/wp\/v2\/media?parent=63"}],"wp:term":[{"taxonomy":"category","embeddable":true,"href":"https:\/\/tuttiicoloridelgiallo.ch\/new\/wp-json\/wp\/v2\/categories?post=63"},{"taxonomy":"post_tag","embeddable":true,"href":"https:\/\/tuttiicoloridelgiallo.ch\/new\/wp-json\/wp\/v2\/tags?post=63"}],"curies":[{"name":"wp","href":"https:\/\/api.w.org\/{rel}","templated":true}]}}